{"id":263,"date":"2026-08-16T13:38:04","date_gmt":"2026-08-16T13:38:04","guid":{"rendered":"https:\/\/www.irefr.org\/?p=263"},"modified":"2026-08-21T08:03:37","modified_gmt":"2026-08-21T08:03:37","slug":"deces-de-bernard-pottiery","status":"publish","type":"post","link":"https:\/\/www.irefr.org\/index.php\/2026\/08\/16\/deces-de-bernard-pottiery\/","title":{"rendered":"D\u00e9c\u00e8s de Bernard POTTIER"},"content":{"rendered":"<p><span style=\"font-size: 10pt; font-family: verdana, geneva, sans-serif;\">Cher(e)s coll\u00e8gues et ami(e)s<\/span><\/p>\n<p><span style=\"font-size: 10pt; font-family: verdana, geneva, sans-serif;\">Ce message pour vous annoncer le d\u00e9c\u00e8s, survenu le 12 ao\u00fbt 2026, du grand linguiste, s\u00e9manticien, Bernard POTTIER.<\/span><\/p>\n<p><span style=\"font-size: 10pt; font-family: verdana, geneva, sans-serif;\">Il fut de ceux qui, avec Andr\u00e9 Martinet, \u00c9mile Benveniste, Jean Dubois, Jean-Claude Chevalier, Algirdas Greimas, Oswald Ducrot, introduisirent et anim\u00e8rent la linguistique structurale \u00e0 partir des ann\u00e9es soixante-soixante-dix.<\/span><!--more--><\/p>\n<p><span style=\"font-size: 10pt; font-family: verdana, geneva, sans-serif;\">Il cr\u00e9a et d\u00e9veloppa des mod\u00e8les d&rsquo;analyse s\u00e9mantique dans le domaine lexical (analyse s\u00e9mique) et grammatical (dans la lign\u00e9e du guillaumisme) dont on continue de s&rsquo;inspirer. A la fois romaniste, hispaniste, am\u00e9ricaniste, il \u0153uvra en linguistique g\u00e9n\u00e9rale comme s\u00e9manticien. Parall\u00e8lement, il promut et d\u00e9fendit les \u00e9tudes sur les langues am\u00e9rindiennes en fondant les <em>Travaux de l&rsquo;Institut latino-am\u00e9ricain de Strasbourg<\/em> (TILAS), puis en dirigeant au CNRS le Centre d&rsquo;ethnolinguistique am\u00e9rindienne. Son action dans ces divers domaines fut d&rsquo;autant plus efficace qu&rsquo;il contribua \u00e0 organiser institutionnellement la recherche linguistique fran\u00e7aise, lorsqu&rsquo;il exer\u00e7a, de 1972 \u00e0 1976, la direction scientifique des sciences humaines au CNRS.<\/span><\/p>\n<p><span style=\"font-size: 10pt; font-family: verdana, geneva, sans-serif;\">Ce fut un linguiste cr\u00e9ateur, inventeur. Il ne fut pas adepte d\u2019une \u00e9cole, et lui-m\u00eame ne se consid\u00e9rait pas repr\u00e9sentant d&rsquo;une \u00e9cole. Il puisait dans toutes les bibliographies pour s\u2019y enrichir, pour approfondir ou discuter des concepts. Et il faut pr\u00e9ciser, que, toujours attentionn\u00e9 et bienveillant envers ses \u00e9l\u00e8ves, il savait \u00e9tablir des liens amicaux faisant que le travail de recherche en sa compagnie \u00e9tait un moment de plaisir.<\/span><\/p>\n<p><span style=\"font-size: 10pt; font-family: verdana, geneva, sans-serif;\">Nous en sommes les h\u00e9ritiers. La <em>Grammaire du sens et de l&rsquo;expression<\/em> en h\u00e9rite.<\/span><\/p>\n<p><span style=\"font-size: 10pt; font-family: verdana, geneva, sans-serif;\">\u00a0Patrick CHARAUDEAU<\/span><\/p>\n","protected":false},"excerpt":{"rendered":"<p>Cher(e)s coll\u00e8gues et ami(e)s Ce message pour vous annoncer le d\u00e9c\u00e8s, survenu le 12 ao\u00fbt 2026, du grand linguiste, s\u00e9manticien, Bernard POTTIER. Il fut de ceux qui, avec Andr\u00e9 Martinet, \u00c9mile Benveniste, Jean Dubois, Jean-Claude Chevalier, Algirdas Greimas, Oswald Ducrot, introduisirent et anim\u00e8rent la linguistique structurale \u00e0 partir des ann\u00e9es soixante-soixante-dix.<\/p>\n","protected":false},"author":1,"featured_media":0,"comment_status":"open","ping_status":"open","sticky":false,"template":"","format":"standard","meta":{"ocean_front_end_style_editor":"no","ocean_post_layout":"","ocean_both_sidebars_style":"","ocean_both_sidebars_content_width":0,"ocean_both_sidebars_sidebars_width":0,"ocean_sidebar":"0","ocean_second_sidebar":"0","ocean_disable_margins":"enable","ocean_add_body_class":"","ocean_shortcode_before_top_bar":"","ocean_shortcode_after_top_bar":"","ocean_shortcode_before_header":"","ocean_shortcode_after_header":"","ocean_has_shortcode":"","ocean_shortcode_after_title":"","ocean_shortcode_before_footer_widgets":"","ocean_shortcode_after_footer_widgets":"","ocean_shortcode_before_footer_bottom":"","ocean_shortcode_after_footer_bottom":"","ocean_display_top_bar":"default","ocean_display_header":"default","ocean_header_style":"","ocean_center_header_left_menu":"0","ocean_custom_header_template":"0","ocean_custom_logo":0,"ocean_custom_retina_logo":0,"ocean_custom_logo_max_width":0,"ocean_custom_logo_tablet_max_width":0,"ocean_custom_logo_mobile_max_width":0,"ocean_custom_logo_max_height":0,"ocean_custom_logo_tablet_max_height":0,"ocean_custom_logo_mobile_max_height":0,"ocean_header_custom_menu":"0","ocean_menu_typo_font_family":"0","ocean_menu_typo_font_subset":"","ocean_menu_typo_font_size":0,"ocean_menu_typo_font_size_tablet":0,"ocean_menu_typo_font_size_mobile":0,"ocean_menu_typo_font_size_unit":"px","ocean_menu_typo_font_weight":"","ocean_menu_typo_font_weight_tablet":"","ocean_menu_typo_font_weight_mobile":"","ocean_menu_typo_transform":"","ocean_menu_typo_transform_tablet":"","ocean_menu_typo_transform_mobile":"","ocean_menu_typo_line_height":0,"ocean_menu_typo_line_height_tablet":0,"ocean_menu_typo_line_height_mobile":0,"ocean_menu_typo_line_height_unit":"","ocean_menu_typo_spacing":0,"ocean_menu_typo_spacing_tablet":0,"ocean_menu_typo_spacing_mobile":0,"ocean_menu_typo_spacing_unit":"","ocean_menu_link_color":"","ocean_menu_link_color_hover":"","ocean_menu_link_color_active":"","ocean_menu_link_background":"","ocean_menu_link_hover_background":"","ocean_menu_link_active_background":"","ocean_menu_social_links_bg":"","ocean_menu_social_hover_links_bg":"","ocean_menu_social_links_color":"","ocean_menu_social_hover_links_color":"","ocean_disable_title":"default","ocean_disable_heading":"default","ocean_post_title":"","ocean_post_subheading":"","ocean_post_title_style":"","ocean_post_title_background_color":"","ocean_post_title_background":0,"ocean_post_title_bg_image_position":"","ocean_post_title_bg_image_attachment":"","ocean_post_title_bg_image_repeat":"","ocean_post_title_bg_image_size":"","ocean_post_title_height":0,"ocean_post_title_bg_overlay":0.5,"ocean_post_title_bg_overlay_color":"","ocean_disable_breadcrumbs":"default","ocean_breadcrumbs_color":"","ocean_breadcrumbs_separator_color":"","ocean_breadcrumbs_links_color":"","ocean_breadcrumbs_links_hover_color":"","ocean_display_footer_widgets":"default","ocean_display_footer_bottom":"default","ocean_custom_footer_template":"0","ocean_post_oembed":"","ocean_post_self_hosted_media":"","ocean_post_video_embed":"","ocean_link_format":"","ocean_link_format_target":"self","ocean_quote_format":"","ocean_quote_format_link":"post","ocean_gallery_link_images":"on","ocean_gallery_id":[],"footnotes":""},"categories":[9,4],"tags":[15,11,18],"class_list":["post-263","post","type-post","status-publish","format-standard","hentry","category-contributions-des-membres","category-linguistiques-sciences-du-langage","tag-histoire-des-idees","tag-politique-educative-et-de-recherche","tag-promotion-des-lla-shs","entry"],"_links":{"self":[{"href":"https:\/\/www.irefr.org\/index.php\/wp-json\/wp\/v2\/posts\/263","targetHints":{"allow":["GET"]}}],"collection":[{"href":"https:\/\/www.irefr.org\/index.php\/wp-json\/wp\/v2\/posts"}],"about":[{"href":"https:\/\/www.irefr.org\/index.php\/wp-json\/wp\/v2\/types\/post"}],"author":[{"embeddable":true,"href":"https:\/\/www.irefr.org\/index.php\/wp-json\/wp\/v2\/users\/1"}],"replies":[{"embeddable":true,"href":"https:\/\/www.irefr.org\/index.php\/wp-json\/wp\/v2\/comments?post=263"}],"version-history":[{"count":5,"href":"https:\/\/www.irefr.org\/index.php\/wp-json\/wp\/v2\/posts\/263\/revisions"}],"predecessor-version":[{"id":275,"href":"https:\/\/www.irefr.org\/index.php\/wp-json\/wp\/v2\/posts\/263\/revisions\/275"}],"wp:attachment":[{"href":"https:\/\/www.irefr.org\/index.php\/wp-json\/wp\/v2\/media?parent=263"}],"wp:term":[{"taxonomy":"category","embeddable":true,"href":"https:\/\/www.irefr.org\/index.php\/wp-json\/wp\/v2\/categories?post=263"},{"taxonomy":"post_tag","embeddable":true,"href":"https:\/\/www.irefr.org\/index.php\/wp-json\/wp\/v2\/tags?post=263"}],"curies":[{"name":"wp","href":"https:\/\/api.w.org\/{rel}","templated":true}]}}